{"@context":"https:\/\/schema.org\/","@type":"CollectionPage","@id":"https:\/\/www.alsvar.cz\/byznys\/#CollectionPage","headline":"Byznys Category","description":"","url":"https:\/\/www.alsvar.cz\/byznys\/","hasPart":[{"@type":"Article","@id":"https:\/\/www.alsvar.cz\/darek-ktery-potesi\/","headline":"D\u00e1rek, kter\u00fd pot\u011b\u0161\u00ed","url":"https:\/\/www.alsvar.cz\/darek-ktery-potesi\/","datePublished":"2025-08-10","dateModified":"2025-08-10","mainEntityOfPage":"https:\/\/www.alsvar.cz\/darek-ktery-potesi\/","author":{"@type":"Person","@id":"https:\/\/www.alsvar.cz\/author\/#Person","name":"","url":"https:\/\/www.alsvar.cz\/author\/","identifier":1,"image":{"@type":"ImageObject","@id":"https:\/\/secure.gravatar.com\/avatar\/d7705a23c50ede72936119380238a88bdeb91030521f9262dc3abc6fdd8add33?s=96&d=mm&r=g","url":"https:\/\/secure.gravatar.com\/avatar\/d7705a23c50ede72936119380238a88bdeb91030521f9262dc3abc6fdd8add33?s=96&d=mm&r=g","height":96,"width":96}},"publisher":{"@type":"Organization","name":"alsvar.cz","logo":{"@type":"ImageObject","@id":"\/logo.png","url":"\/logo.png","width":600,"height":60}},"image":{"@type":"ImageObject","@id":"https:\/\/www.alsvar.cz\/wp-content\/uploads\/wineglass-553467_640_5.jpg","url":"https:\/\/www.alsvar.cz\/wp-content\/uploads\/wineglass-553467_640_5.jpg","height":0,"width":0},"keywords":null},{"@type":"Article","@id":"https:\/\/www.alsvar.cz\/seznameni-pod-party-stanem-v-prirode\/","headline":"Sezn\u00e1men\u00ed pod party stanem v p\u0159\u00edrod\u011b","url":"https:\/\/www.alsvar.cz\/seznameni-pod-party-stanem-v-prirode\/","datePublished":"2025-07-06","dateModified":"2025-07-06","mainEntityOfPage":"https:\/\/www.alsvar.cz\/seznameni-pod-party-stanem-v-prirode\/","author":{"@type":"Person","@id":"https:\/\/www.alsvar.cz\/author\/#Person","name":"","url":"https:\/\/www.alsvar.cz\/author\/","identifier":1,"image":{"@type":"ImageObject","@id":"https:\/\/secure.gravatar.com\/avatar\/d7705a23c50ede72936119380238a88bdeb91030521f9262dc3abc6fdd8add33?s=96&d=mm&r=g","url":"https:\/\/secure.gravatar.com\/avatar\/d7705a23c50ede72936119380238a88bdeb91030521f9262dc3abc6fdd8add33?s=96&d=mm&r=g","height":96,"width":96}},"publisher":{"@type":"Organization","name":"alsvar.cz","logo":{"@type":"ImageObject","@id":"\/logo.png","url":"\/logo.png","width":600,"height":60}},"image":{"@type":"ImageObject","@id":"https:\/\/www.alsvar.cz\/wp-content\/uploads\/roses-3072698_640.jpg","url":"https:\/\/www.alsvar.cz\/wp-content\/uploads\/roses-3072698_640.jpg","height":0,"width":0},"keywords":null},{"@type":"Article","@id":"https:\/\/www.alsvar.cz\/kdyz-boli-zada\/","headline":"Kdy\u017e bol\u00ed z\u00e1da","url":"https:\/\/www.alsvar.cz\/kdyz-boli-zada\/","datePublished":"2025-04-11","dateModified":"2025-04-11","mainEntityOfPage":"https:\/\/www.alsvar.cz\/kdyz-boli-zada\/","author":{"@type":"Person","@id":"https:\/\/www.alsvar.cz\/author\/#Person","name":"","url":"https:\/\/www.alsvar.cz\/author\/","identifier":1,"image":{"@type":"ImageObject","@id":"https:\/\/secure.gravatar.com\/avatar\/d7705a23c50ede72936119380238a88bdeb91030521f9262dc3abc6fdd8add33?s=96&d=mm&r=g","url":"https:\/\/secure.gravatar.com\/avatar\/d7705a23c50ede72936119380238a88bdeb91030521f9262dc3abc6fdd8add33?s=96&d=mm&r=g","height":96,"width":96}},"publisher":{"@type":"Organization","name":"alsvar.cz","logo":{"@type":"ImageObject","@id":"\/logo.png","url":"\/logo.png","width":600,"height":60}},"image":{"@type":"ImageObject","@id":"https:\/\/www.alsvar.cz\/wp-content\/uploads\/pexels-yankrukov-5793653_1.jpg","url":"https:\/\/www.alsvar.cz\/wp-content\/uploads\/pexels-yankrukov-5793653_1.jpg","height":0,"width":0},"keywords":null},{"@type":"Article","@id":"https:\/\/www.alsvar.cz\/netradicni-vyuziti-party-stanu\/","headline":"Netradi\u010dn\u00ed vyu\u017eit\u00ed party stan\u016f","url":"https:\/\/www.alsvar.cz\/netradicni-vyuziti-party-stanu\/","datePublished":"2025-03-17","dateModified":"2025-03-17","mainEntityOfPage":"https:\/\/www.alsvar.cz\/netradicni-vyuziti-party-stanu\/","author":{"@type":"Person","@id":"https:\/\/www.alsvar.cz\/author\/#Person","name":"","url":"https:\/\/www.alsvar.cz\/author\/","identifier":1,"image":{"@type":"ImageObject","@id":"https:\/\/secure.gravatar.com\/avatar\/d7705a23c50ede72936119380238a88bdeb91030521f9262dc3abc6fdd8add33?s=96&d=mm&r=g","url":"https:\/\/secure.gravatar.com\/avatar\/d7705a23c50ede72936119380238a88bdeb91030521f9262dc3abc6fdd8add33?s=96&d=mm&r=g","height":96,"width":96}},"publisher":{"@type":"Organization","name":"alsvar.cz","logo":{"@type":"ImageObject","@id":"\/logo.png","url":"\/logo.png","width":600,"height":60}},"image":{"@type":"ImageObject","@id":"https:\/\/www.alsvar.cz\/wp-content\/uploads\/party-3655712_640_6.jpg","url":"https:\/\/www.alsvar.cz\/wp-content\/uploads\/party-3655712_640_6.jpg","height":0,"width":0},"keywords":null},{"@type":"Article","@id":"https:\/\/www.alsvar.cz\/jak-ozivit-vztahy-s-drahou-polovickou\/","headline":"Jak o\u017eivit vztahy s drahou polovi\u010dkou?","url":"https:\/\/www.alsvar.cz\/jak-ozivit-vztahy-s-drahou-polovickou\/","datePublished":"2025-01-26","dateModified":"2025-01-26","mainEntityOfPage":"https:\/\/www.alsvar.cz\/jak-ozivit-vztahy-s-drahou-polovickou\/","author":{"@type":"Person","@id":"https:\/\/www.alsvar.cz\/author\/#Person","name":"","url":"https:\/\/www.alsvar.cz\/author\/","identifier":1,"image":{"@type":"ImageObject","@id":"https:\/\/secure.gravatar.com\/avatar\/d7705a23c50ede72936119380238a88bdeb91030521f9262dc3abc6fdd8add33?s=96&d=mm&r=g","url":"https:\/\/secure.gravatar.com\/avatar\/d7705a23c50ede72936119380238a88bdeb91030521f9262dc3abc6fdd8add33?s=96&d=mm&r=g","height":96,"width":96}},"publisher":{"@type":"Organization","name":"alsvar.cz","logo":{"@type":"ImageObject","@id":"\/logo.png","url":"\/logo.png","width":600,"height":60}},"image":{"@type":"ImageObject","@id":"https:\/\/www.alsvar.cz\/wp-content\/uploads\/couple-3852277_640.jpg","url":"https:\/\/www.alsvar.cz\/wp-content\/uploads\/couple-3852277_640.jpg","height":0,"width":0},"keywords":null},{"@type":"Article","@id":"https:\/\/www.alsvar.cz\/kam-na-vylet-z-prahy-s-pronajatym-autem\/","headline":"Kam na v\u00fdlet z Prahy s pronajat\u00fdm autem","url":"https:\/\/www.alsvar.cz\/kam-na-vylet-z-prahy-s-pronajatym-autem\/","datePublished":"2024-10-06","dateModified":"2024-10-06","mainEntityOfPage":"https:\/\/www.alsvar.cz\/kam-na-vylet-z-prahy-s-pronajatym-autem\/","author":{"@type":"Person","@id":"https:\/\/www.alsvar.cz\/author\/#Person","name":"","url":"https:\/\/www.alsvar.cz\/author\/","identifier":1,"image":{"@type":"ImageObject","@id":"https:\/\/secure.gravatar.com\/avatar\/d7705a23c50ede72936119380238a88bdeb91030521f9262dc3abc6fdd8add33?s=96&d=mm&r=g","url":"https:\/\/secure.gravatar.com\/avatar\/d7705a23c50ede72936119380238a88bdeb91030521f9262dc3abc6fdd8add33?s=96&d=mm&r=g","height":96,"width":96}},"publisher":{"@type":"Organization","name":"alsvar.cz","logo":{"@type":"ImageObject","@id":"\/logo.png","url":"\/logo.png","width":600,"height":60}},"image":{"@type":"ImageObject","@id":"https:\/\/www.alsvar.cz\/wp-content\/uploads\/roost-5208630_640.jpg","url":"https:\/\/www.alsvar.cz\/wp-content\/uploads\/roost-5208630_640.jpg","height":0,"width":0},"keywords":null},{"@type":"Article","@id":"https:\/\/www.alsvar.cz\/co-si-pomysli-navsteva-o-vasem-koberci\/","headline":"Co si pomysl\u00ed n\u00e1v\u0161t\u011bva o va\u0161em koberci","url":"https:\/\/www.alsvar.cz\/co-si-pomysli-navsteva-o-vasem-koberci\/","datePublished":"2024-09-11","dateModified":"2024-09-11","mainEntityOfPage":"https:\/\/www.alsvar.cz\/co-si-pomysli-navsteva-o-vasem-koberci\/","author":{"@type":"Person","@id":"https:\/\/www.alsvar.cz\/author\/#Person","name":"","url":"https:\/\/www.alsvar.cz\/author\/","identifier":1,"image":{"@type":"ImageObject","@id":"https:\/\/secure.gravatar.com\/avatar\/d7705a23c50ede72936119380238a88bdeb91030521f9262dc3abc6fdd8add33?s=96&d=mm&r=g","url":"https:\/\/secure.gravatar.com\/avatar\/d7705a23c50ede72936119380238a88bdeb91030521f9262dc3abc6fdd8add33?s=96&d=mm&r=g","height":96,"width":96}},"publisher":{"@type":"Organization","name":"alsvar.cz","logo":{"@type":"ImageObject","@id":"\/logo.png","url":"\/logo.png","width":600,"height":60}},"image":{"@type":"ImageObject","@id":"https:\/\/www.alsvar.cz\/wp-content\/uploads\/corridor-670277_640.jpg","url":"https:\/\/www.alsvar.cz\/wp-content\/uploads\/corridor-670277_640.jpg","height":0,"width":0},"keywords":null},{"@type":"Article","@id":"https:\/\/www.alsvar.cz\/k-cemu-je-vhodne-panorama-google-street-view\/","headline":"K \u010demu je vhodn\u00e9 panorama google street view","url":"https:\/\/www.alsvar.cz\/k-cemu-je-vhodne-panorama-google-street-view\/","datePublished":"2024-03-16","dateModified":"2024-04-16","mainEntityOfPage":"https:\/\/www.alsvar.cz\/k-cemu-je-vhodne-panorama-google-street-view\/","author":{"@type":"Person","@id":"https:\/\/www.alsvar.cz\/author\/#Person","name":"","url":"https:\/\/www.alsvar.cz\/author\/","identifier":1,"image":{"@type":"ImageObject","@id":"https:\/\/secure.gravatar.com\/avatar\/d7705a23c50ede72936119380238a88bdeb91030521f9262dc3abc6fdd8add33?s=96&d=mm&r=g","url":"https:\/\/secure.gravatar.com\/avatar\/d7705a23c50ede72936119380238a88bdeb91030521f9262dc3abc6fdd8add33?s=96&d=mm&r=g","height":96,"width":96}},"publisher":{"@type":"Organization","name":"alsvar.cz","logo":{"@type":"ImageObject","@id":"\/logo.png","url":"\/logo.png","width":600,"height":60}},"image":{"@type":"ImageObject","@id":"https:\/\/www.alsvar.cz\/wp-content\/uploads\/auto26_8.jpg","url":"https:\/\/www.alsvar.cz\/wp-content\/uploads\/auto26_8.jpg","height":0,"width":0},"keywords":null},{"@type":"Article","@id":"https:\/\/www.alsvar.cz\/co-si-pocne-osamela-zena-kdyz-se-ji-ucpe-zachod\/","headline":"Co si po\u010dne osam\u011bl\u00e1 \u017eena, kdy\u017e se j\u00ed ucpe z\u00e1chod","url":"https:\/\/www.alsvar.cz\/co-si-pocne-osamela-zena-kdyz-se-ji-ucpe-zachod\/","datePublished":"2024-02-19","dateModified":"2024-03-20","mainEntityOfPage":"https:\/\/www.alsvar.cz\/co-si-pocne-osamela-zena-kdyz-se-ji-ucpe-zachod\/","author":{"@type":"Person","@id":"https:\/\/www.alsvar.cz\/author\/#Person","name":"","url":"https:\/\/www.alsvar.cz\/author\/","identifier":1,"image":{"@type":"ImageObject","@id":"https:\/\/secure.gravatar.com\/avatar\/d7705a23c50ede72936119380238a88bdeb91030521f9262dc3abc6fdd8add33?s=96&d=mm&r=g","url":"https:\/\/secure.gravatar.com\/avatar\/d7705a23c50ede72936119380238a88bdeb91030521f9262dc3abc6fdd8add33?s=96&d=mm&r=g","height":96,"width":96}},"publisher":{"@type":"Organization","name":"alsvar.cz","logo":{"@type":"ImageObject","@id":"\/logo.png","url":"\/logo.png","width":600,"height":60}},"image":{"@type":"ImageObject","@id":"https:\/\/www.alsvar.cz\/wp-content\/uploads\/toilet-paper-1338433_640_5.jpg","url":"https:\/\/www.alsvar.cz\/wp-content\/uploads\/toilet-paper-1338433_640_5.jpg","height":0,"width":0},"keywords":null},{"@type":"Article","@id":"https:\/\/www.alsvar.cz\/dezinfekce-je-dulezita\/","headline":"Dezinfekce je d\u016fle\u017eit\u00e1","url":"https:\/\/www.alsvar.cz\/dezinfekce-je-dulezita\/","datePublished":"2024-02-19","dateModified":"2024-03-20","mainEntityOfPage":"https:\/\/www.alsvar.cz\/dezinfekce-je-dulezita\/","author":{"@type":"Person","@id":"https:\/\/www.alsvar.cz\/author\/#Person","name":"","url":"https:\/\/www.alsvar.cz\/author\/","identifier":1,"image":{"@type":"ImageObject","@id":"https:\/\/secure.gravatar.com\/avatar\/d7705a23c50ede72936119380238a88bdeb91030521f9262dc3abc6fdd8add33?s=96&d=mm&r=g","url":"https:\/\/secure.gravatar.com\/avatar\/d7705a23c50ede72936119380238a88bdeb91030521f9262dc3abc6fdd8add33?s=96&d=mm&r=g","height":96,"width":96}},"publisher":{"@type":"Organization","name":"alsvar.cz","logo":{"@type":"ImageObject","@id":"\/logo.png","url":"\/logo.png","width":600,"height":60}},"image":{"@type":"ImageObject","@id":"https:\/\/www.alsvar.cz\/wp-content\/uploads\/bathroom-1336162_640.jpg","url":"https:\/\/www.alsvar.cz\/wp-content\/uploads\/bathroom-1336162_640.jpg","height":0,"width":0},"keywords":null}]}