{"@context":"https:\/\/schema.org\/","@type":"CollectionPage","@id":"https:\/\/www.alsvar.cz\/byznys\/#CollectionPage","headline":"Byznys Category","description":"","url":"https:\/\/www.alsvar.cz\/byznys\/","hasPart":[{"@type":"Article","@id":"https:\/\/www.alsvar.cz\/kapela-queen-a-vse-co-o-ni-musite-vedet\/","headline":"Kapela Queen a v\u0161e co o n\u00ed mus\u00edte v\u011bd\u011bt","url":"https:\/\/www.alsvar.cz\/kapela-queen-a-vse-co-o-ni-musite-vedet\/","datePublished":"2023-03-20","dateModified":"2023-04-24","mainEntityOfPage":"https:\/\/www.alsvar.cz\/kapela-queen-a-vse-co-o-ni-musite-vedet\/","author":{"@type":"Person","@id":"https:\/\/www.alsvar.cz\/author\/#Person","name":"","url":"https:\/\/www.alsvar.cz\/author\/","identifier":1,"image":{"@type":"ImageObject","@id":"https:\/\/secure.gravatar.com\/avatar\/d7705a23c50ede72936119380238a88bdeb91030521f9262dc3abc6fdd8add33?s=96&d=mm&r=g","url":"https:\/\/secure.gravatar.com\/avatar\/d7705a23c50ede72936119380238a88bdeb91030521f9262dc3abc6fdd8add33?s=96&d=mm&r=g","height":96,"width":96}},"publisher":{"@type":"Organization","name":"alsvar.cz","logo":{"@type":"ImageObject","@id":"\/logo.png","url":"\/logo.png","width":600,"height":60}},"image":{"@type":"ImageObject","@id":"https:\/\/www.alsvar.cz\/wp-content\/uploads\/freddie-mercury-ga510c48bd_640.jpg","url":"https:\/\/www.alsvar.cz\/wp-content\/uploads\/freddie-mercury-ga510c48bd_640.jpg","height":0,"width":0},"keywords":null},{"@type":"Article","@id":"https:\/\/www.alsvar.cz\/prijemne-pracovni-prostredi\/","headline":"P\u0159\u00edjemn\u00e9 pracovn\u00ed prost\u0159ed\u00ed","url":"https:\/\/www.alsvar.cz\/prijemne-pracovni-prostredi\/","datePublished":"2023-03-20","dateModified":"2023-04-24","mainEntityOfPage":"https:\/\/www.alsvar.cz\/prijemne-pracovni-prostredi\/","author":{"@type":"Person","@id":"https:\/\/www.alsvar.cz\/author\/#Person","name":"","url":"https:\/\/www.alsvar.cz\/author\/","identifier":1,"image":{"@type":"ImageObject","@id":"https:\/\/secure.gravatar.com\/avatar\/d7705a23c50ede72936119380238a88bdeb91030521f9262dc3abc6fdd8add33?s=96&d=mm&r=g","url":"https:\/\/secure.gravatar.com\/avatar\/d7705a23c50ede72936119380238a88bdeb91030521f9262dc3abc6fdd8add33?s=96&d=mm&r=g","height":96,"width":96}},"publisher":{"@type":"Organization","name":"alsvar.cz","logo":{"@type":"ImageObject","@id":"\/logo.png","url":"\/logo.png","width":600,"height":60}},"image":{"@type":"ImageObject","@id":"https:\/\/www.alsvar.cz\/wp-content\/uploads\/disinfectant-ga202530cd_640.jpg","url":"https:\/\/www.alsvar.cz\/wp-content\/uploads\/disinfectant-ga202530cd_640.jpg","height":0,"width":0},"keywords":null},{"@type":"Article","@id":"https:\/\/www.alsvar.cz\/co-se-stane-kdyz-nemate-na-dome-hromosvod\/","headline":"Co se stane, kdy\u017e nem\u00e1te na dom\u011b hromosvod","url":"https:\/\/www.alsvar.cz\/co-se-stane-kdyz-nemate-na-dome-hromosvod\/","datePublished":"2023-03-19","dateModified":"2023-04-24","mainEntityOfPage":"https:\/\/www.alsvar.cz\/co-se-stane-kdyz-nemate-na-dome-hromosvod\/","author":{"@type":"Person","@id":"https:\/\/www.alsvar.cz\/author\/#Person","name":"","url":"https:\/\/www.alsvar.cz\/author\/","identifier":1,"image":{"@type":"ImageObject","@id":"https:\/\/secure.gravatar.com\/avatar\/d7705a23c50ede72936119380238a88bdeb91030521f9262dc3abc6fdd8add33?s=96&d=mm&r=g","url":"https:\/\/secure.gravatar.com\/avatar\/d7705a23c50ede72936119380238a88bdeb91030521f9262dc3abc6fdd8add33?s=96&d=mm&r=g","height":96,"width":96}},"publisher":{"@type":"Organization","name":"alsvar.cz","logo":{"@type":"ImageObject","@id":"\/logo.png","url":"\/logo.png","width":600,"height":60}},"image":{"@type":"ImageObject","@id":"https:\/\/www.alsvar.cz\/wp-content\/uploads\/thunder-g6e5e523dd_640.jpg","url":"https:\/\/www.alsvar.cz\/wp-content\/uploads\/thunder-g6e5e523dd_640.jpg","height":0,"width":0},"keywords":null},{"@type":"Article","@id":"https:\/\/www.alsvar.cz\/oblibene-chorvatsko\/","headline":"Obl\u00edben\u00e9 Chorvatsko","url":"https:\/\/www.alsvar.cz\/oblibene-chorvatsko\/","datePublished":"2023-03-17","dateModified":"2023-04-25","mainEntityOfPage":"https:\/\/www.alsvar.cz\/oblibene-chorvatsko\/","author":{"@type":"Person","@id":"https:\/\/www.alsvar.cz\/author\/#Person","name":"","url":"https:\/\/www.alsvar.cz\/author\/","identifier":1,"image":{"@type":"ImageObject","@id":"https:\/\/secure.gravatar.com\/avatar\/d7705a23c50ede72936119380238a88bdeb91030521f9262dc3abc6fdd8add33?s=96&d=mm&r=g","url":"https:\/\/secure.gravatar.com\/avatar\/d7705a23c50ede72936119380238a88bdeb91030521f9262dc3abc6fdd8add33?s=96&d=mm&r=g","height":96,"width":96}},"publisher":{"@type":"Organization","name":"alsvar.cz","logo":{"@type":"ImageObject","@id":"\/logo.png","url":"\/logo.png","width":600,"height":60}},"image":{"@type":"ImageObject","@id":"https:\/\/www.alsvar.cz\/wp-content\/uploads\/dubrovnik-5214286_640_8.jpg","url":"https:\/\/www.alsvar.cz\/wp-content\/uploads\/dubrovnik-5214286_640_8.jpg","height":0,"width":0},"keywords":null},{"@type":"Article","@id":"https:\/\/www.alsvar.cz\/jak-konstruktivne-vyuzit-videa-ze-socialnich-siti\/","headline":"Jak konstruktivn\u011b vyu\u017e\u00edt videa ze soci\u00e1ln\u00edch s\u00edt\u00ed","url":"https:\/\/www.alsvar.cz\/jak-konstruktivne-vyuzit-videa-ze-socialnich-siti\/","datePublished":"2023-02-28","dateModified":"2023-09-28","mainEntityOfPage":"https:\/\/www.alsvar.cz\/jak-konstruktivne-vyuzit-videa-ze-socialnich-siti\/","author":{"@type":"Person","@id":"https:\/\/www.alsvar.cz\/author\/#Person","name":"","url":"https:\/\/www.alsvar.cz\/author\/","identifier":1,"image":{"@type":"ImageObject","@id":"https:\/\/secure.gravatar.com\/avatar\/d7705a23c50ede72936119380238a88bdeb91030521f9262dc3abc6fdd8add33?s=96&d=mm&r=g","url":"https:\/\/secure.gravatar.com\/avatar\/d7705a23c50ede72936119380238a88bdeb91030521f9262dc3abc6fdd8add33?s=96&d=mm&r=g","height":96,"width":96}},"publisher":{"@type":"Organization","name":"alsvar.cz","logo":{"@type":"ImageObject","@id":"\/logo.png","url":"\/logo.png","width":600,"height":60}},"image":{"@type":"ImageObject","@id":"https:\/\/www.alsvar.cz\/wp-content\/uploads\/film-gf5ef9aaad_640.png","url":"https:\/\/www.alsvar.cz\/wp-content\/uploads\/film-gf5ef9aaad_640.png","height":0,"width":0},"keywords":null},{"@type":"Article","@id":"https:\/\/www.alsvar.cz\/na-pocatku-je-firemni-sidlo\/","headline":"Na po\u010d\u00e1tku je firemn\u00ed s\u00eddlo","url":"https:\/\/www.alsvar.cz\/na-pocatku-je-firemni-sidlo\/","datePublished":"2023-02-27","dateModified":"2023-04-25","mainEntityOfPage":"https:\/\/www.alsvar.cz\/na-pocatku-je-firemni-sidlo\/","author":{"@type":"Person","@id":"https:\/\/www.alsvar.cz\/author\/#Person","name":"","url":"https:\/\/www.alsvar.cz\/author\/","identifier":1,"image":{"@type":"ImageObject","@id":"https:\/\/secure.gravatar.com\/avatar\/d7705a23c50ede72936119380238a88bdeb91030521f9262dc3abc6fdd8add33?s=96&d=mm&r=g","url":"https:\/\/secure.gravatar.com\/avatar\/d7705a23c50ede72936119380238a88bdeb91030521f9262dc3abc6fdd8add33?s=96&d=mm&r=g","height":96,"width":96}},"publisher":{"@type":"Organization","name":"alsvar.cz","logo":{"@type":"ImageObject","@id":"\/logo.png","url":"\/logo.png","width":600,"height":60}},"image":{"@type":"ImageObject","@id":"https:\/\/www.alsvar.cz\/wp-content\/uploads\/music-2060616_960_720.jpg","url":"https:\/\/www.alsvar.cz\/wp-content\/uploads\/music-2060616_960_720.jpg","height":0,"width":0},"keywords":null},{"@type":"Article","@id":"https:\/\/www.alsvar.cz\/dulezita-elektrina\/","headline":"D\u016fle\u017eit\u00e1 elekt\u0159ina","url":"https:\/\/www.alsvar.cz\/dulezita-elektrina\/","datePublished":"2023-02-24","dateModified":"2023-04-25","mainEntityOfPage":"https:\/\/www.alsvar.cz\/dulezita-elektrina\/","author":{"@type":"Person","@id":"https:\/\/www.alsvar.cz\/author\/#Person","name":"","url":"https:\/\/www.alsvar.cz\/author\/","identifier":1,"image":{"@type":"ImageObject","@id":"https:\/\/secure.gravatar.com\/avatar\/d7705a23c50ede72936119380238a88bdeb91030521f9262dc3abc6fdd8add33?s=96&d=mm&r=g","url":"https:\/\/secure.gravatar.com\/avatar\/d7705a23c50ede72936119380238a88bdeb91030521f9262dc3abc6fdd8add33?s=96&d=mm&r=g","height":96,"width":96}},"publisher":{"@type":"Organization","name":"alsvar.cz","logo":{"@type":"ImageObject","@id":"\/logo.png","url":"\/logo.png","width":600,"height":60}},"image":{"@type":"ImageObject","@id":"https:\/\/www.alsvar.cz\/wp-content\/uploads\/light-2565575_960_720_1.jpg","url":"https:\/\/www.alsvar.cz\/wp-content\/uploads\/light-2565575_960_720_1.jpg","height":0,"width":0},"keywords":null},{"@type":"Article","@id":"https:\/\/www.alsvar.cz\/firemni-sidlo-muze-byt-virtualni\/","headline":"Firemn\u00ed s\u00eddlo m\u016f\u017ee b\u00fdt virtu\u00e1ln\u00ed","url":"https:\/\/www.alsvar.cz\/firemni-sidlo-muze-byt-virtualni\/","datePublished":"2023-02-24","dateModified":"2023-04-25","mainEntityOfPage":"https:\/\/www.alsvar.cz\/firemni-sidlo-muze-byt-virtualni\/","author":{"@type":"Person","@id":"https:\/\/www.alsvar.cz\/author\/#Person","name":"","url":"https:\/\/www.alsvar.cz\/author\/","identifier":1,"image":{"@type":"ImageObject","@id":"https:\/\/secure.gravatar.com\/avatar\/d7705a23c50ede72936119380238a88bdeb91030521f9262dc3abc6fdd8add33?s=96&d=mm&r=g","url":"https:\/\/secure.gravatar.com\/avatar\/d7705a23c50ede72936119380238a88bdeb91030521f9262dc3abc6fdd8add33?s=96&d=mm&r=g","height":96,"width":96}},"publisher":{"@type":"Organization","name":"alsvar.cz","logo":{"@type":"ImageObject","@id":"\/logo.png","url":"\/logo.png","width":600,"height":60}},"image":{"@type":"ImageObject","@id":"https:\/\/www.alsvar.cz\/wp-content\/uploads\/building-3306070_960_720.jpg","url":"https:\/\/www.alsvar.cz\/wp-content\/uploads\/building-3306070_960_720.jpg","height":0,"width":0},"keywords":null}]}