[{"@context":"https:\/\/schema.org\/","@type":"Article","@id":"https:\/\/www.alsvar.cz\/co-by-se-vam-mohlo-zalibit-v-jesenikach\/#Article","mainEntityOfPage":"https:\/\/www.alsvar.cz\/co-by-se-vam-mohlo-zalibit-v-jesenikach\/","headline":"Co by se v\u00e1m mohlo zal\u00edbit v Jesen\u00edk\u00e1ch","name":"Co by se v\u00e1m mohlo zal\u00edbit v Jesen\u00edk\u00e1ch","description":"Prad\u011bd \u2013 k nejvy\u0161\u0161\u00ed ho\u0159e Prad\u011bd sm\u011b\u0159uje asfaltov\u00e1 silnice a m\u016f\u017eete se po n\u00ed vydat p\u011b\u0161ky nebo na kole. V\u016fz ponech\u00e1te na odstavn\u00e9m parkovi\u0161ti u Hv\u011bzdy a pak u\u017e v\u00e1m nic nebr\u00e1n\u00ed v tom u\u017e\u00edt si sv\u016fj voln\u00fd den na nejvy\u0161\u0161\u00ed ho\u0159e Moravy. Na Prad\u011bdu je vybudov\u00e1n televizn\u00ed vys\u00edla\u010d s vyhl\u00eddkovou terasou a s restaurac\u00ed, [&hellip;]","datePublished":"2024-01-12","dateModified":"2024-02-12","author":{"@type":"Person","@id":"https:\/\/www.alsvar.cz\/author\/#Person","name":"","url":"https:\/\/www.alsvar.cz\/author\/","identifier":1,"image":{"@type":"ImageObject","@id":"https:\/\/secure.gravatar.com\/avatar\/d7705a23c50ede72936119380238a88bdeb91030521f9262dc3abc6fdd8add33?s=96&d=mm&r=g","url":"https:\/\/secure.gravatar.com\/avatar\/d7705a23c50ede72936119380238a88bdeb91030521f9262dc3abc6fdd8add33?s=96&d=mm&r=g","height":96,"width":96}},"publisher":{"@type":"Organization","name":"alsvar.cz","logo":{"@type":"ImageObject","@id":"\/logo.png","url":"\/logo.png","width":600,"height":60}},"image":{"@type":"ImageObject","@id":"https:\/\/www.alsvar.cz\/wp-content\/uploads\/praded-7083450_640_3.jpg","url":"https:\/\/www.alsvar.cz\/wp-content\/uploads\/praded-7083450_640_3.jpg","height":0,"width":0},"url":"https:\/\/www.alsvar.cz\/co-by-se-vam-mohlo-zalibit-v-jesenikach\/","about":["Byznys"],"wordCount":423,"articleBody":"   Prad\u011bd \u2013 k nejvy\u0161\u0161\u00ed ho\u0159e Prad\u011bd sm\u011b\u0159uje asfaltov\u00e1 silnice a m\u016f\u017eete se po n\u00ed vydat p\u011b\u0161ky nebo na kole. V\u016fz ponech\u00e1te na odstavn\u00e9m parkovi\u0161ti u Hv\u011bzdy a pak u\u017e v\u00e1m nic nebr\u00e1n\u00ed v tom u\u017e\u00edt si sv\u016fj voln\u00fd den na nejvy\u0161\u0161\u00ed ho\u0159e Moravy. Na Prad\u011bdu je vybudov\u00e1n televizn\u00ed vys\u00edla\u010d s vyhl\u00eddkovou terasou a s restaurac\u00ed, kter\u00e1 je celoro\u010dn\u011b v provozu. Z Prad\u011bdu lze spat\u0159it za dobr\u00e9 dohlednosti i Sn\u011b\u017eku v Krkono\u0161\u00edch a p\u0159i tro\u0161e \u0161t\u011bst\u00ed, zejm\u00e9na zr\u00e1na, Vysok\u00e9 Tatry.Karlova Stud\u00e1nka \u2013 v t\u00e9to l\u00e1ze\u0148sk\u00e9 obci s necel\u00fdmi dv\u011bma stovkami st\u00e1l\u00fdch obyvatel se nat\u00e1\u010del film \u201eS tebou m\u011b bav\u00ed sv\u011bt\u201c. Bylo to v roce 1982 a \u0161lo o z\u00e1b\u011bry z l\u00e1ze\u0148sk\u00e9ho domu Slezsk\u00fd d\u016fm. V Karlov\u011b Stud\u00e1nce je k dispozici pavilon s ve\u0159ejn\u011b dostupn\u00fdm l\u00e9\u010debn\u00fdm pramenem s obsahem sirovod\u00edku, kter\u00fd si tu m\u016f\u017eete i st\u00e1\u010det do lahv\u00ed a vz\u00edt s sebou na v\u00fdlet do p\u0159\u00edrody.Stezkou B\u00edl\u00e9 Opavy \u2013 vyd\u00e1te-li se z Karlovy Stud\u00e1nky po silnici \u010d. 450 na severoz\u00e1pad, po dvou kilometrech zaparkujte v\u016fz na mal\u00e9m odstavn\u00e9m parkovi\u0161ti a odtud se vypravte proti proudu \u0159\u00ed\u010dky B\u00edl\u00e1 Opava a\u017e k hotelu Figura. Cestou budete m\u00edjet mnoho t\u016fn\u00ed, vodop\u00e1d\u016f a j\u00edzk\u016f, a je velmi pravd\u011bpodobn\u00e9, \u017ee tu nebudete sami, proto\u017ee se tudy vypravuj\u00ed na celodenn\u00ed v\u00fdlet i dal\u0161\u00ed milovn\u00edci kr\u00e1s Hrub\u00e9ho Jesen\u00edku.Harrachov \u2013 v\u00edte, \u017ee hrab\u011b Ferdinand Bonaventura II. z Harrachu m\u011bl sv\u00e9 s\u00eddlo i v Jesen\u00edk\u00e1ch? Naleznete tu dokonce poz\u016fstatky po jeho p\u016fsoben\u00ed v podob\u011b vesnick\u00e9 chalupy z osmn\u00e1ct\u00e9ho stolet\u00ed, a samoz\u0159ejm\u011b v\u00e1m neunikne i samotn\u00fd n\u00e1zev mal\u00e9 v\u00edsky, s p\u0159evahou rekrea\u010dn\u00edch chalup, kter\u00e1 spr\u00e1vn\u011b spad\u00e1 pod m\u011bsto R\u00fdma\u0159ov. Jestli\u017ee pojedete autem z Harrachova sm\u011brem na Malou Mor\u00e1vku, tedy na sever, doporu\u010dujeme na horizontu kopce zastavit a rozhl\u00ed\u017eet se nalevo do krajiny. Spat\u0159\u00edte odtud velmi malebn\u00fd kout t\u011bsn\u011b pod vrcholem Prad\u011bdu, kter\u00fd za slune\u010dn\u00e9ho po\u010das\u00ed stoj\u00ed i za fotografov\u00e1n\u00ed. Doporu\u010dujeme zajistit si ubytov\u00e1n\u00ed v apartm\u00e1nech Jesen\u00edky nedaleko odtud, ve V\u00e1clavov\u011b u Brunt\u00e1lu.                                                                                                                                                                                                                                                                                                                                                                                          3.7\/5 - (4 votes)        "},{"@context":"https:\/\/schema.org\/","@type":"BreadcrumbList","itemListElement":[{"@type":"ListItem","position":1,"name":"Co by se v\u00e1m mohlo zal\u00edbit v Jesen\u00edk\u00e1ch","item":"https:\/\/www.alsvar.cz\/co-by-se-vam-mohlo-zalibit-v-jesenikach\/#breadcrumbitem"}]}]