[{"@context":"https:\/\/schema.org\/","@type":"Article","@id":"https:\/\/www.alsvar.cz\/pro-koho-jsou-vhodna-elektrokola\/#Article","mainEntityOfPage":"https:\/\/www.alsvar.cz\/pro-koho-jsou-vhodna-elektrokola\/","headline":"Pro koho jsou vhodn\u00e1 elektrokola","name":"Pro koho jsou vhodn\u00e1 elektrokola","description":"Nen\u00ed pochyb o tom, \u017ee cyklistika je u n\u00e1s velmi popul\u00e1rn\u00ed. O tom koneckonc\u016f sv\u011bd\u010d\u00ed i mno\u017estv\u00ed cyklistick\u00fdch stezek, kter\u00e9 v\u00a0na\u0161\u00ed zemi najdeme. I tento sport v\u0161ak proch\u00e1zel v\u00a0pr\u016fb\u011bhu \u010dasu modernizac\u00ed. Lid\u00e9 koneckonc\u016f cht\u011bj\u00ed v\u00edce pohodl\u00ed, a to plat\u00ed i v\u00a0tomto p\u0159\u00edpad\u011b. Ji\u017e ani zdaleka nesta\u010d\u00ed nap\u0159\u00edklad p\u0159ehazova\u010dky \u010di lep\u0161\u00ed p\u00e9rov\u00e1n\u00ed a gumy. V\u00a0m\u00f3d\u011b jsou [&hellip;]","datePublished":"2024-09-27","dateModified":"2024-09-27","author":{"@type":"Person","@id":"https:\/\/www.alsvar.cz\/author\/#Person","name":"","url":"https:\/\/www.alsvar.cz\/author\/","identifier":1,"image":{"@type":"ImageObject","@id":"https:\/\/secure.gravatar.com\/avatar\/d7705a23c50ede72936119380238a88bdeb91030521f9262dc3abc6fdd8add33?s=96&d=mm&r=g","url":"https:\/\/secure.gravatar.com\/avatar\/d7705a23c50ede72936119380238a88bdeb91030521f9262dc3abc6fdd8add33?s=96&d=mm&r=g","height":96,"width":96}},"publisher":{"@type":"Organization","name":"alsvar.cz","logo":{"@type":"ImageObject","@id":"\/logo.png","url":"\/logo.png","width":600,"height":60}},"image":{"@type":"ImageObject","@id":"https:\/\/www.alsvar.cz\/wp-content\/uploads\/cyklista1_4.jpg","url":"https:\/\/www.alsvar.cz\/wp-content\/uploads\/cyklista1_4.jpg","height":0,"width":0},"url":"https:\/\/www.alsvar.cz\/pro-koho-jsou-vhodna-elektrokola\/","about":["Elektro"],"wordCount":416,"articleBody":"Nen\u00ed pochyb o tom, \u017ee cyklistika je u n\u00e1s velmi popul\u00e1rn\u00ed. O tom koneckonc\u016f sv\u011bd\u010d\u00ed i mno\u017estv\u00ed cyklistick\u00fdch stezek, kter\u00e9 v\u00a0na\u0161\u00ed zemi najdeme. I tento sport v\u0161ak proch\u00e1zel v\u00a0pr\u016fb\u011bhu \u010dasu modernizac\u00ed. Lid\u00e9 koneckonc\u016f cht\u011bj\u00ed v\u00edce pohodl\u00ed, a to plat\u00ed i v\u00a0tomto p\u0159\u00edpad\u011b. Ji\u017e ani zdaleka nesta\u010d\u00ed nap\u0159\u00edklad p\u0159ehazova\u010dky \u010di lep\u0161\u00ed p\u00e9rov\u00e1n\u00ed a gumy. V\u00a0m\u00f3d\u011b jsou dnes elektrick\u00e1 kola, a jejich popularita se st\u00e1le v\u00edce zvy\u0161uje.\u00a0Na prvn\u00ed pohled se od t\u011bch ostatn\u00edch p\u0159\u00edli\u0161 neli\u0161\u00ed. Rozd\u00edlem je, \u017ee je na n\u011bm namontov\u00e1n motorek, kter\u00fdm je poh\u00e1n\u011bno. Pohybem \u0161lapek jej nastartujeme, a pak u\u017e se v\u00a0podstat\u011b jen vezeme. To n\u00e1m samoz\u0159ejm\u011b umo\u017e\u0148uje mnohem pohodln\u011bj\u0161\u00ed j\u00edzdu, zejm\u00e9na v\u00a0n\u00e1ro\u010dn\u00e9m kopcovit\u00e9m ter\u00e9nu. Probl\u00e9mem v\u0161ak je, \u017ee jej mnoz\u00ed nepou\u017e\u00edvaj\u00ed tak, jak by m\u011bli.\u00a0\u00a0V\u00a0prvn\u00ed \u0159ad\u011b bychom si m\u011bli \u0159\u00edci, pro koho je vlastn\u011b ur\u010deno. Dnes na n\u011bm jezd\u00ed v\u00a0podstat\u011b ka\u017ed\u00fd, bez ohledu na svou fyzickou kondici. Umo\u017e\u0148uje jim to toti\u017e p\u0159ekonat i vzd\u00e1lenosti, kter\u00fdch by jinak nebyli schopni. Z\u00a0tohoto pohledu je to v\u00fdhodn\u00e9, pokud chceme jet na dlouh\u00fd v\u00fdlet, av\u0161ak \u010dasto na nich lid\u00e9 jezd\u00ed i na b\u011b\u017en\u00e9 proj\u00ed\u017e\u010fky, a to zp\u016fsobuje probl\u00e9my.\u00a0T\u00edm hlavn\u00edm je to, \u017ee \u010dasto jezd\u00ed p\u0159\u00edli\u0161 rychle. P\u0159eci jen, na b\u011b\u017en\u00e9m kole jsme v\u00a0tomto ohledu limitov\u00e1ni, a p\u0159edev\u0161\u00edm na del\u0161\u00ed vzd\u00e1lenosti se nikam ne\u017eeneme.\u00a0\u00a0Na elektrokole v\u0161ak m\u016f\u017eeme jet maxim\u00e1ln\u00ed rychlost\u00ed po celou dobu. Nav\u00edc nem\u00e1me nad kolem ani zdaleka takovou kontrolu, co\u017e tak\u00e9 leckdy vede ke koliz\u00edm.\u00a0Probl\u00e9mem m\u016f\u017ee b\u00fdt tak\u00e9 hluk, kter\u00fd motor elektrokola vyd\u00e1vaj\u00ed. Ten toti\u017e m\u016f\u017ee zvl\u00e1\u0161t\u011b v\u00a0chr\u00e1n\u011bn\u00fdch krajinn\u00fdch oblastech pla\u0161it zv\u011b\u0159 a v\u00fdpary zne\u010di\u0161\u0165ovat vzduch a v\u00a0podstat\u011b cel\u00fd ekosyst\u00e9m. Nehled\u011b na to, \u017ee nen\u00ed ani zdaleka tak prosp\u011b\u0161n\u00e9 na\u0161\u00ed fyzick\u00e9 kondici.\u00a0Ne\u017e si jej tedy po\u0159\u00edd\u00edme, m\u011bli bychom si \u0159\u00edci, k\u00a0jak\u00e9mu \u00fa\u010delu bychom jej cht\u011bli pou\u017e\u00edvat, a zda by to b\u011b\u017en\u00e9 nakonec nebylo dostate\u010dn\u00e9, a nakonec je\u0161t\u011b prosp\u011b\u0161n\u011bj\u0161\u00ed pro na\u0161e zdrav\u00ed.                                                                                                                                                                                                                                                                                                                                                                                        3.6\/5 - (8 votes)        "},{"@context":"https:\/\/schema.org\/","@type":"BreadcrumbList","itemListElement":[{"@type":"ListItem","position":1,"name":"Pro koho jsou vhodn\u00e1 elektrokola","item":"https:\/\/www.alsvar.cz\/pro-koho-jsou-vhodna-elektrokola\/#breadcrumbitem"}]}]