{"@context":"https:\/\/schema.org\/","@type":"CollectionPage","@id":"https:\/\/www.alsvar.cz\/zbozi\/#CollectionPage","headline":"Zbo\u017e\u00ed Category","description":"","url":"https:\/\/www.alsvar.cz\/zbozi\/","hasPart":[{"@type":"Article","@id":"https:\/\/www.alsvar.cz\/diky-nim-mame-hezci-domovy\/","headline":"D\u00edky nim m\u00e1me hez\u010d\u00ed domovy","url":"https:\/\/www.alsvar.cz\/diky-nim-mame-hezci-domovy\/","datePublished":"2023-02-23","dateModified":"2023-04-25","mainEntityOfPage":"https:\/\/www.alsvar.cz\/diky-nim-mame-hezci-domovy\/","author":{"@type":"Person","@id":"https:\/\/www.alsvar.cz\/author\/#Person","name":"","url":"https:\/\/www.alsvar.cz\/author\/","identifier":1,"image":{"@type":"ImageObject","@id":"https:\/\/secure.gravatar.com\/avatar\/d7705a23c50ede72936119380238a88bdeb91030521f9262dc3abc6fdd8add33?s=96&d=mm&r=g","url":"https:\/\/secure.gravatar.com\/avatar\/d7705a23c50ede72936119380238a88bdeb91030521f9262dc3abc6fdd8add33?s=96&d=mm&r=g","height":96,"width":96}},"publisher":{"@type":"Organization","name":"alsvar.cz","logo":{"@type":"ImageObject","@id":"\/logo.png","url":"\/logo.png","width":600,"height":60}},"image":{"@type":"ImageObject","@id":"https:\/\/www.alsvar.cz\/wp-content\/uploads\/rabbit-4093851_640.jpg","url":"https:\/\/www.alsvar.cz\/wp-content\/uploads\/rabbit-4093851_640.jpg","height":0,"width":0},"keywords":null},{"@type":"Article","@id":"https:\/\/www.alsvar.cz\/chcete-si-nechat-postavit-dum-a-jeste-nevite-zda-chcete-pouze-prizemni-dum-bungalov-a-nebo-patrovy\/","headline":"Chcete si nechat postavit d\u016fm a je\u0161t\u011b nev\u00edte zda chcete pouze p\u0159\u00edzemn\u00ed d\u016fm-bungalov a nebo patrov\u00fd.","url":"https:\/\/www.alsvar.cz\/chcete-si-nechat-postavit-dum-a-jeste-nevite-zda-chcete-pouze-prizemni-dum-bungalov-a-nebo-patrovy\/","datePublished":"2023-02-23","dateModified":"2023-04-25","mainEntityOfPage":"https:\/\/www.alsvar.cz\/chcete-si-nechat-postavit-dum-a-jeste-nevite-zda-chcete-pouze-prizemni-dum-bungalov-a-nebo-patrovy\/","author":{"@type":"Person","@id":"https:\/\/www.alsvar.cz\/author\/#Person","name":"","url":"https:\/\/www.alsvar.cz\/author\/","identifier":1,"image":{"@type":"ImageObject","@id":"https:\/\/secure.gravatar.com\/avatar\/d7705a23c50ede72936119380238a88bdeb91030521f9262dc3abc6fdd8add33?s=96&d=mm&r=g","url":"https:\/\/secure.gravatar.com\/avatar\/d7705a23c50ede72936119380238a88bdeb91030521f9262dc3abc6fdd8add33?s=96&d=mm&r=g","height":96,"width":96}},"publisher":{"@type":"Organization","name":"alsvar.cz","logo":{"@type":"ImageObject","@id":"\/logo.png","url":"\/logo.png","width":600,"height":60}},"image":{"@type":"ImageObject","@id":"https:\/\/www.alsvar.cz\/wp-content\/uploads\/single-family-home-1026368_960_720.jpg","url":"https:\/\/www.alsvar.cz\/wp-content\/uploads\/single-family-home-1026368_960_720.jpg","height":0,"width":0},"keywords":null},{"@type":"Article","@id":"https:\/\/www.alsvar.cz\/kdyz-se-verejnost-nezajima\/","headline":"Kdy\u017e se ve\u0159ejnost nezaj\u00edm\u00e1","url":"https:\/\/www.alsvar.cz\/kdyz-se-verejnost-nezajima\/","datePublished":"2020-11-28","dateModified":"2020-11-28","mainEntityOfPage":"https:\/\/www.alsvar.cz\/kdyz-se-verejnost-nezajima\/","author":{"@type":"Person","@id":"https:\/\/www.alsvar.cz\/author\/#Person","name":"","url":"https:\/\/www.alsvar.cz\/author\/","identifier":1,"image":{"@type":"ImageObject","@id":"https:\/\/secure.gravatar.com\/avatar\/d7705a23c50ede72936119380238a88bdeb91030521f9262dc3abc6fdd8add33?s=96&d=mm&r=g","url":"https:\/\/secure.gravatar.com\/avatar\/d7705a23c50ede72936119380238a88bdeb91030521f9262dc3abc6fdd8add33?s=96&d=mm&r=g","height":96,"width":96}},"publisher":{"@type":"Organization","name":"alsvar.cz","logo":{"@type":"ImageObject","@id":"\/logo.png","url":"\/logo.png","width":600,"height":60}},"image":{"@type":"ImageObject","@id":"https:\/\/www.alsvar.cz\/wp-content\/uploads\/zobrazen%C3%AD%20SEO.jpg","url":"https:\/\/www.alsvar.cz\/wp-content\/uploads\/zobrazen%C3%AD%20SEO.jpg","height":0,"width":0},"keywords":null},{"@type":"Article","@id":"https:\/\/www.alsvar.cz\/je-navstevniku-malo\/","headline":"Je n\u00e1v\u0161t\u011bvn\u00edk\u016f m\u00e1lo?","url":"https:\/\/www.alsvar.cz\/je-navstevniku-malo\/","datePublished":"2020-11-15","dateModified":"2020-11-15","mainEntityOfPage":"https:\/\/www.alsvar.cz\/je-navstevniku-malo\/","author":{"@type":"Person","@id":"https:\/\/www.alsvar.cz\/author\/#Person","name":"","url":"https:\/\/www.alsvar.cz\/author\/","identifier":1,"image":{"@type":"ImageObject","@id":"https:\/\/secure.gravatar.com\/avatar\/d7705a23c50ede72936119380238a88bdeb91030521f9262dc3abc6fdd8add33?s=96&d=mm&r=g","url":"https:\/\/secure.gravatar.com\/avatar\/d7705a23c50ede72936119380238a88bdeb91030521f9262dc3abc6fdd8add33?s=96&d=mm&r=g","height":96,"width":96}},"publisher":{"@type":"Organization","name":"alsvar.cz","logo":{"@type":"ImageObject","@id":"\/logo.png","url":"\/logo.png","width":600,"height":60}},"image":{"@type":"ImageObject","@id":"https:\/\/www.alsvar.cz\/wp-content\/uploads\/SEO%20optimalizace_3K05q1.jpg","url":"https:\/\/www.alsvar.cz\/wp-content\/uploads\/SEO%20optimalizace_3K05q1.jpg","height":0,"width":0},"keywords":null},{"@type":"Article","@id":"https:\/\/www.alsvar.cz\/vyuzijte-vsechny-moznosti-prezentace\/","headline":"Vyu\u017eijte v\u0161echny mo\u017enosti prezentace","url":"https:\/\/www.alsvar.cz\/vyuzijte-vsechny-moznosti-prezentace\/","datePublished":"2019-08-14","dateModified":"2019-08-14","mainEntityOfPage":"https:\/\/www.alsvar.cz\/vyuzijte-vsechny-moznosti-prezentace\/","author":{"@type":"Person","@id":"https:\/\/www.alsvar.cz\/author\/#Person","name":"","url":"https:\/\/www.alsvar.cz\/author\/","identifier":1,"image":{"@type":"ImageObject","@id":"https:\/\/secure.gravatar.com\/avatar\/d7705a23c50ede72936119380238a88bdeb91030521f9262dc3abc6fdd8add33?s=96&d=mm&r=g","url":"https:\/\/secure.gravatar.com\/avatar\/d7705a23c50ede72936119380238a88bdeb91030521f9262dc3abc6fdd8add33?s=96&d=mm&r=g","height":96,"width":96}},"publisher":{"@type":"Organization","name":"alsvar.cz","logo":{"@type":"ImageObject","@id":"\/logo.png","url":"\/logo.png","width":600,"height":60}},"image":{"@type":"ImageObject","@id":"https:\/\/www.alsvar.cz\/wp-content\/uploads\/img_a354729_w1759_t1569314235.png","url":"https:\/\/www.alsvar.cz\/wp-content\/uploads\/img_a354729_w1759_t1569314235.png","height":0,"width":0},"keywords":null},{"@type":"Article","@id":"https:\/\/www.alsvar.cz\/dbejte-na-to-dulezite\/","headline":"Dbejte na to d\u016fle\u017eit\u00e9","url":"https:\/\/www.alsvar.cz\/dbejte-na-to-dulezite\/","datePublished":"2017-03-12","dateModified":"2017-03-12","mainEntityOfPage":"https:\/\/www.alsvar.cz\/dbejte-na-to-dulezite\/","author":{"@type":"Person","@id":"https:\/\/www.alsvar.cz\/author\/#Person","name":"","url":"https:\/\/www.alsvar.cz\/author\/","identifier":1,"image":{"@type":"ImageObject","@id":"https:\/\/secure.gravatar.com\/avatar\/d7705a23c50ede72936119380238a88bdeb91030521f9262dc3abc6fdd8add33?s=96&d=mm&r=g","url":"https:\/\/secure.gravatar.com\/avatar\/d7705a23c50ede72936119380238a88bdeb91030521f9262dc3abc6fdd8add33?s=96&d=mm&r=g","height":96,"width":96}},"publisher":{"@type":"Organization","name":"alsvar.cz","logo":{"@type":"ImageObject","@id":"\/logo.png","url":"\/logo.png","width":600,"height":60}},"image":null,"keywords":null}]}