[{"@context":"https:\/\/schema.org\/","@type":"Article","@id":"https:\/\/www.alsvar.cz\/zenou-do-konce-zivota\/#Article","mainEntityOfPage":"https:\/\/www.alsvar.cz\/zenou-do-konce-zivota\/","headline":"\u017denou do konce \u017eivota","name":"\u017denou do konce \u017eivota","description":"Menopauza pro V\u00e1s nemus\u00ed znamenat konec radosti ze \u017eivota, nebo dokonce pocit ztr\u00e1ty \u017eenstv\u00ed. Je to jen dal\u0161\u00ed f\u00e1ze v \u017eivot\u011b \u017eeny. Tato konkr\u00e9tn\u00ed f\u00e1ze V\u00e1m d\u00e1v\u00e1 uklidnit se a za\u010d\u00edt se v\u011bnovat sob\u011b a sv\u00e9mu t\u011blu v\u00edce ne\u017e kdy d\u0159\u00edve. Je to obdob\u00ed, kdy \u017eensk\u00e9 t\u011blo pot\u0159ebuje zv\u00fd\u0161enou p\u00e9\u010di, jinak vlivem menopauzy ch\u00e1tr\u00e1 a [&hellip;]","datePublished":"2025-04-30","dateModified":"2025-04-30","author":{"@type":"Person","@id":"https:\/\/www.alsvar.cz\/author\/#Person","name":"","url":"https:\/\/www.alsvar.cz\/author\/","identifier":1,"image":{"@type":"ImageObject","@id":"https:\/\/secure.gravatar.com\/avatar\/d7705a23c50ede72936119380238a88bdeb91030521f9262dc3abc6fdd8add33?s=96&d=mm&r=g","url":"https:\/\/secure.gravatar.com\/avatar\/d7705a23c50ede72936119380238a88bdeb91030521f9262dc3abc6fdd8add33?s=96&d=mm&r=g","height":96,"width":96}},"publisher":{"@type":"Organization","name":"alsvar.cz","logo":{"@type":"ImageObject","@id":"\/logo.png","url":"\/logo.png","width":600,"height":60}},"url":"https:\/\/www.alsvar.cz\/zenou-do-konce-zivota\/","wordCount":173,"articleBody":" Menopauza pro V\u00e1s nemus\u00ed znamenat konec radosti ze \u017eivota, nebo dokonce pocit ztr\u00e1ty \u017eenstv\u00ed. Je to jen dal\u0161\u00ed f\u00e1ze v \u017eivot\u011b \u017eeny. Tato konkr\u00e9tn\u00ed f\u00e1ze V\u00e1m d\u00e1v\u00e1 uklidnit se a za\u010d\u00edt se v\u011bnovat sob\u011b a sv\u00e9mu t\u011blu v\u00edce ne\u017e kdy d\u0159\u00edve. Je to obdob\u00ed, kdy \u017eensk\u00e9 t\u011blo pot\u0159ebuje zv\u00fd\u0161enou p\u00e9\u010di, jinak vlivem menopauzy ch\u00e1tr\u00e1 a trp\u00ed, to se pak m\u016f\u017ee podepsat i na psychick\u00e9m stavu \u017eeny. Bu\u010fte p\u0159ipravena V\u00edte, \u017ee v\u0161em nep\u0159\u00edjemn\u00fdm p\u0159\u00edznak\u016fm p\u0159echodu m\u016f\u017eete p\u0159ech\u00e1zet a v\u016fbec V\u00e1s nemus\u00ed tr\u00e1pit? Budete-li pravideln\u011b u\u017e\u00edvat p\u0159\u00edpravek Menox45, nesetk\u00e1te se s n\u00e1valy horka, ztr\u00e1tou vitality, prudk\u00fdm p\u0159ib\u00edr\u00e1n\u00edm na v\u00e1ze a jin\u00fdmi nep\u0159\u00edjemn\u00fdmi projevy p\u0159echodu, kter\u00e9 souvis\u00ed s nestabiln\u00ed hladinou hormon\u016f. U\u017eijte si nejlep\u0161\u00ed l\u00e9ta Va\u0161eho \u017eivota jako vit\u00e1ln\u00ed a zdrav\u00e1 \u017eena.                                                                                                                                                                                                                                                                                                                                                                                                "},{"@context":"https:\/\/schema.org\/","@type":"BreadcrumbList","itemListElement":[{"@type":"ListItem","position":1,"name":"\u017denou do konce \u017eivota","item":"https:\/\/www.alsvar.cz\/zenou-do-konce-zivota\/#breadcrumbitem"}]}]